{"id":1518,"date":"2022-11-02T10:09:37","date_gmt":"2022-11-02T10:09:37","guid":{"rendered":"https:\/\/vsneusiedl-zaya.ac.at\/?p=1518"},"modified":"2022-11-02T10:41:22","modified_gmt":"2022-11-02T10:41:22","slug":"tag-der-offenen-tuer-der-nms-neusiedl-zaya","status":"publish","type":"post","link":"https:\/\/vsneusiedl-zaya.ac.at\/?p=1518","title":{"rendered":"Besuch in der Mittelschule"},"content":{"rendered":"<p>Die Sch\u00fclerinnen und Sch\u00fcler der 3. Klasse hatten sichtlich Spa\u00df beim Tag der offenen T\u00fcr der NMS Neusiedl an der Zaya.<\/p>\n<p><!--more--><\/p>\n<p><img loading=\"lazy\" decoding=\"async\" class=\"alignnone size-medium wp-image-1520\" src=\"https:\/\/vsneusiedl-zaya.ac.at\/wp-content\/uploads\/2022\/11\/IMG-20221025-WA0003-225x300.jpg\" alt=\"\" width=\"225\" height=\"300\" srcset=\"https:\/\/vsneusiedl-zaya.ac.at\/wp-content\/uploads\/2022\/11\/IMG-20221025-WA0003-225x300.jpg 225w, https:\/\/vsneusiedl-zaya.ac.at\/wp-content\/uploads\/2022\/11\/IMG-20221025-WA0003-768x1024.jpg 768w, https:\/\/vsneusiedl-zaya.ac.at\/wp-content\/uploads\/2022\/11\/IMG-20221025-WA0003-1152x1536.jpg 1152w, https:\/\/vsneusiedl-zaya.ac.at\/wp-content\/uploads\/2022\/11\/IMG-20221025-WA0003.jpg 1200w\" sizes=\"auto, (max-width: 225px) 100vw, 225px\" \/> \u00a0<img loading=\"lazy\" decoding=\"async\" class=\"alignnone size-medium wp-image-1519\" style=\"font-size: 1rem;\" src=\"https:\/\/vsneusiedl-zaya.ac.at\/wp-content\/uploads\/2022\/11\/IMG-20221025-WA0001-300x225.jpg\" alt=\"\" width=\"300\" height=\"225\" srcset=\"https:\/\/vsneusiedl-zaya.ac.at\/wp-content\/uploads\/2022\/11\/IMG-20221025-WA0001-300x225.jpg 300w, https:\/\/vsneusiedl-zaya.ac.at\/wp-content\/uploads\/2022\/11\/IMG-20221025-WA0001-1024x768.jpg 1024w, https:\/\/vsneusiedl-zaya.ac.at\/wp-content\/uploads\/2022\/11\/IMG-20221025-WA0001-768x576.jpg 768w, https:\/\/vsneusiedl-zaya.ac.at\/wp-content\/uploads\/2022\/11\/IMG-20221025-WA0001-1536x1152.jpg 1536w, https:\/\/vsneusiedl-zaya.ac.at\/wp-content\/uploads\/2022\/11\/IMG-20221025-WA0001.jpg 2016w\" sizes=\"auto, (max-width: 300px) 100vw, 300px\" \/><img loading=\"lazy\" decoding=\"async\" class=\"alignnone size-medium wp-image-1521\" style=\"font-size: 1rem;\" src=\"https:\/\/vsneusiedl-zaya.ac.at\/wp-content\/uploads\/2022\/11\/IMG-20221025-WA0007-300x225.jpg\" alt=\"\" width=\"300\" height=\"225\" srcset=\"https:\/\/vsneusiedl-zaya.ac.at\/wp-content\/uploads\/2022\/11\/IMG-20221025-WA0007-300x225.jpg 300w, https:\/\/vsneusiedl-zaya.ac.at\/wp-content\/uploads\/2022\/11\/IMG-20221025-WA0007-1024x768.jpg 1024w, https:\/\/vsneusiedl-zaya.ac.at\/wp-content\/uploads\/2022\/11\/IMG-20221025-WA0007-768x576.jpg 768w, https:\/\/vsneusiedl-zaya.ac.at\/wp-content\/uploads\/2022\/11\/IMG-20221025-WA0007-1536x1152.jpg 1536w, https:\/\/vsneusiedl-zaya.ac.at\/wp-content\/uploads\/2022\/11\/IMG-20221025-WA0007.jpg 1600w\" sizes=\"auto, (max-width: 300px) 100vw, 300px\" \/><span style=\"font-size: 1rem;\"> \u00a0<\/span><img loading=\"lazy\" decoding=\"async\" class=\"alignnone size-medium wp-image-1522\" style=\"font-size: 1rem;\" src=\"https:\/\/vsneusiedl-zaya.ac.at\/wp-content\/uploads\/2022\/11\/IMG-20221025-WA0008-225x300.jpg\" alt=\"\" width=\"225\" height=\"300\" srcset=\"https:\/\/vsneusiedl-zaya.ac.at\/wp-content\/uploads\/2022\/11\/IMG-20221025-WA0008-225x300.jpg 225w, https:\/\/vsneusiedl-zaya.ac.at\/wp-content\/uploads\/2022\/11\/IMG-20221025-WA0008-768x1024.jpg 768w, https:\/\/vsneusiedl-zaya.ac.at\/wp-content\/uploads\/2022\/11\/IMG-20221025-WA0008-1152x1536.jpg 1152w, https:\/\/vsneusiedl-zaya.ac.at\/wp-content\/uploads\/2022\/11\/IMG-20221025-WA0008.jpg 1200w\" sizes=\"auto, (max-width: 225px) 100vw, 225px\" \/><\/p>\n","protected":false},"excerpt":{"rendered":"<p>Die Sch\u00fclerinnen und Sch\u00fcler der 3. Klasse hatten sichtlich Spa\u00df beim Tag der offenen T\u00fcr der NMS Neusiedl an der Zaya.<\/p>\n","protected":false},"author":3,"featured_media":1524,"comment_status":"closed","ping_status":"closed","sticky":false,"template":"","format":"standard","meta":{"footnotes":""},"categories":[1],"tags":[],"class_list":["post-1518","post","type-post","status-publish","format-standard","has-post-thumbnail","hentry","category-aktuelles"],"_links":{"self":[{"href":"https:\/\/vsneusiedl-zaya.ac.at\/index.php?rest_route=\/wp\/v2\/posts\/1518","targetHints":{"allow":["GET"]}}],"collection":[{"href":"https:\/\/vsneusiedl-zaya.ac.at\/index.php?rest_route=\/wp\/v2\/posts"}],"about":[{"href":"https:\/\/vsneusiedl-zaya.ac.at\/index.php?rest_route=\/wp\/v2\/types\/post"}],"author":[{"embeddable":true,"href":"https:\/\/vsneusiedl-zaya.ac.at\/index.php?rest_route=\/wp\/v2\/users\/3"}],"replies":[{"embeddable":true,"href":"https:\/\/vsneusiedl-zaya.ac.at\/index.php?rest_route=%2Fwp%2Fv2%2Fcomments&post=1518"}],"version-history":[{"count":5,"href":"https:\/\/vsneusiedl-zaya.ac.at\/index.php?rest_route=\/wp\/v2\/posts\/1518\/revisions"}],"predecessor-version":[{"id":1528,"href":"https:\/\/vsneusiedl-zaya.ac.at\/index.php?rest_route=\/wp\/v2\/posts\/1518\/revisions\/1528"}],"wp:featuredmedia":[{"embeddable":true,"href":"https:\/\/vsneusiedl-zaya.ac.at\/index.php?rest_route=\/wp\/v2\/media\/1524"}],"wp:attachment":[{"href":"https:\/\/vsneusiedl-zaya.ac.at\/index.php?rest_route=%2Fwp%2Fv2%2Fmedia&parent=1518"}],"wp:term":[{"taxonomy":"category","embeddable":true,"href":"https:\/\/vsneusiedl-zaya.ac.at\/index.php?rest_route=%2Fwp%2Fv2%2Fcategories&post=1518"},{"taxonomy":"post_tag","embeddable":true,"href":"https:\/\/vsneusiedl-zaya.ac.at\/index.php?rest_route=%2Fwp%2Fv2%2Ftags&post=1518"}],"curies":[{"name":"wp","href":"https:\/\/api.w.org\/{rel}","templated":true}]}}