{"id":2272,"date":"2026-02-10T22:53:29","date_gmt":"2026-02-10T22:53:29","guid":{"rendered":"https:\/\/vsneusiedl-zaya.ac.at\/?p=2272"},"modified":"2026-02-13T09:10:41","modified_gmt":"2026-02-13T09:10:41","slug":"aktion-landshauptstadt","status":"publish","type":"post","link":"https:\/\/vsneusiedl-zaya.ac.at\/?p=2272","title":{"rendered":"Aktion Landeshauptstadt"},"content":{"rendered":"<p>Am Dienstag nach den Semesterferien durften die Sch\u00fcler und Sch\u00fclerinnen der 4. Schulstufe unsere Landeshauptstadt St. P\u00f6lten kennenlernen.<!--more--><\/p>\n<p>Bei einer zweist\u00fcndigen F\u00fchrung besichtigten die Kinder die Altstadt, bevor es dann zu Mittag eine St\u00e4rkung gab. Am Nachmittag stand das Landhausviertel mit dem Sitzungssaal des Landtags und dem Klangturm auf dem Programm.<\/p>\n<p><img loading=\"lazy\" decoding=\"async\" class=\"size-medium wp-image-2274 aligncenter\" src=\"https:\/\/vsneusiedl-zaya.ac.at\/wp-content\/uploads\/2026\/02\/1000136550-225x300.jpg\" alt=\"\" width=\"225\" height=\"300\" srcset=\"https:\/\/vsneusiedl-zaya.ac.at\/wp-content\/uploads\/2026\/02\/1000136550-225x300.jpg 225w, https:\/\/vsneusiedl-zaya.ac.at\/wp-content\/uploads\/2026\/02\/1000136550-768x1024.jpg 768w, https:\/\/vsneusiedl-zaya.ac.at\/wp-content\/uploads\/2026\/02\/1000136550-1152x1536.jpg 1152w, https:\/\/vsneusiedl-zaya.ac.at\/wp-content\/uploads\/2026\/02\/1000136550-rotated.jpg 1500w\" sizes=\"auto, (max-width: 225px) 100vw, 225px\" \/><\/p>\n<p style=\"text-align: center;\"><img loading=\"lazy\" decoding=\"async\" class=\"alignnone size-medium wp-image-2279\" src=\"https:\/\/vsneusiedl-zaya.ac.at\/wp-content\/uploads\/2026\/02\/1000136864-225x300.jpg\" alt=\"\" width=\"225\" height=\"300\" srcset=\"https:\/\/vsneusiedl-zaya.ac.at\/wp-content\/uploads\/2026\/02\/1000136864-225x300.jpg 225w, https:\/\/vsneusiedl-zaya.ac.at\/wp-content\/uploads\/2026\/02\/1000136864-768x1024.jpg 768w, https:\/\/vsneusiedl-zaya.ac.at\/wp-content\/uploads\/2026\/02\/1000136864-1152x1536.jpg 1152w, https:\/\/vsneusiedl-zaya.ac.at\/wp-content\/uploads\/2026\/02\/1000136864.jpg 1536w\" sizes=\"auto, (max-width: 225px) 100vw, 225px\" \/><\/p>\n<p style=\"text-align: center;\"><img loading=\"lazy\" decoding=\"async\" class=\"alignnone size-medium wp-image-2280\" src=\"https:\/\/vsneusiedl-zaya.ac.at\/wp-content\/uploads\/2026\/02\/1000136870-225x300.jpg\" alt=\"\" width=\"225\" height=\"300\" srcset=\"https:\/\/vsneusiedl-zaya.ac.at\/wp-content\/uploads\/2026\/02\/1000136870-225x300.jpg 225w, https:\/\/vsneusiedl-zaya.ac.at\/wp-content\/uploads\/2026\/02\/1000136870-768x1024.jpg 768w, https:\/\/vsneusiedl-zaya.ac.at\/wp-content\/uploads\/2026\/02\/1000136870-1152x1536.jpg 1152w, https:\/\/vsneusiedl-zaya.ac.at\/wp-content\/uploads\/2026\/02\/1000136870.jpg 1536w\" sizes=\"auto, (max-width: 225px) 100vw, 225px\" \/><\/p>\n<p><img loading=\"lazy\" decoding=\"async\" class=\"alignnone size-medium wp-image-2282 aligncenter\" src=\"https:\/\/vsneusiedl-zaya.ac.at\/wp-content\/uploads\/2026\/02\/1000136906-225x300.jpg\" alt=\"\" width=\"225\" height=\"300\" srcset=\"https:\/\/vsneusiedl-zaya.ac.at\/wp-content\/uploads\/2026\/02\/1000136906-225x300.jpg 225w, https:\/\/vsneusiedl-zaya.ac.at\/wp-content\/uploads\/2026\/02\/1000136906-768x1024.jpg 768w, https:\/\/vsneusiedl-zaya.ac.at\/wp-content\/uploads\/2026\/02\/1000136906-1152x1536.jpg 1152w, https:\/\/vsneusiedl-zaya.ac.at\/wp-content\/uploads\/2026\/02\/1000136906.jpg 1536w\" sizes=\"auto, (max-width: 225px) 100vw, 225px\" \/><\/p>\n<p style=\"text-align: center;\">\u00a0<img loading=\"lazy\" decoding=\"async\" class=\"alignnone size-medium wp-image-2276\" src=\"https:\/\/vsneusiedl-zaya.ac.at\/wp-content\/uploads\/2026\/02\/1000136582-225x300.jpg\" alt=\"\" width=\"225\" height=\"300\" srcset=\"https:\/\/vsneusiedl-zaya.ac.at\/wp-content\/uploads\/2026\/02\/1000136582-225x300.jpg 225w, https:\/\/vsneusiedl-zaya.ac.at\/wp-content\/uploads\/2026\/02\/1000136582-768x1024.jpg 768w, https:\/\/vsneusiedl-zaya.ac.at\/wp-content\/uploads\/2026\/02\/1000136582-1152x1536.jpg 1152w, https:\/\/vsneusiedl-zaya.ac.at\/wp-content\/uploads\/2026\/02\/1000136582-rotated.jpg 1500w\" sizes=\"auto, (max-width: 225px) 100vw, 225px\" \/><\/p>\n<p style=\"text-align: center;\"><img loading=\"lazy\" decoding=\"async\" class=\"alignnone size-medium wp-image-2275\" src=\"https:\/\/vsneusiedl-zaya.ac.at\/wp-content\/uploads\/2026\/02\/1000136581-300x225.jpg\" alt=\"\" width=\"300\" height=\"225\" srcset=\"https:\/\/vsneusiedl-zaya.ac.at\/wp-content\/uploads\/2026\/02\/1000136581-300x225.jpg 300w, https:\/\/vsneusiedl-zaya.ac.at\/wp-content\/uploads\/2026\/02\/1000136581-1024x768.jpg 1024w, https:\/\/vsneusiedl-zaya.ac.at\/wp-content\/uploads\/2026\/02\/1000136581-768x576.jpg 768w, https:\/\/vsneusiedl-zaya.ac.at\/wp-content\/uploads\/2026\/02\/1000136581-1536x1152.jpg 1536w, https:\/\/vsneusiedl-zaya.ac.at\/wp-content\/uploads\/2026\/02\/1000136581.jpg 2000w\" sizes=\"auto, (max-width: 300px) 100vw, 300px\" \/><\/p>\n<p style=\"text-align: center;\"><img loading=\"lazy\" decoding=\"async\" class=\"alignnone size-medium wp-image-2277\" src=\"https:\/\/vsneusiedl-zaya.ac.at\/wp-content\/uploads\/2026\/02\/1000136598-300x225.jpg\" alt=\"\" width=\"300\" height=\"225\" srcset=\"https:\/\/vsneusiedl-zaya.ac.at\/wp-content\/uploads\/2026\/02\/1000136598-300x225.jpg 300w, https:\/\/vsneusiedl-zaya.ac.at\/wp-content\/uploads\/2026\/02\/1000136598-1024x768.jpg 1024w, https:\/\/vsneusiedl-zaya.ac.at\/wp-content\/uploads\/2026\/02\/1000136598-768x576.jpg 768w, https:\/\/vsneusiedl-zaya.ac.at\/wp-content\/uploads\/2026\/02\/1000136598-1536x1152.jpg 1536w, https:\/\/vsneusiedl-zaya.ac.at\/wp-content\/uploads\/2026\/02\/1000136598.jpg 2000w\" sizes=\"auto, (max-width: 300px) 100vw, 300px\" \/><\/p>\n","protected":false},"excerpt":{"rendered":"<p>Am Dienstag nach den Semesterferien durften die Sch\u00fcler und Sch\u00fclerinnen der 4. Schulstufe unsere Landeshauptstadt St. P\u00f6lten kennenlernen.<\/p>\n","protected":false},"author":3,"featured_media":2281,"comment_status":"closed","ping_status":"closed","sticky":false,"template":"","format":"standard","meta":{"footnotes":""},"categories":[1],"tags":[],"class_list":["post-2272","post","type-post","status-publish","format-standard","has-post-thumbnail","hentry","category-aktuelles"],"_links":{"self":[{"href":"https:\/\/vsneusiedl-zaya.ac.at\/index.php?rest_route=\/wp\/v2\/posts\/2272","targetHints":{"allow":["GET"]}}],"collection":[{"href":"https:\/\/vsneusiedl-zaya.ac.at\/index.php?rest_route=\/wp\/v2\/posts"}],"about":[{"href":"https:\/\/vsneusiedl-zaya.ac.at\/index.php?rest_route=\/wp\/v2\/types\/post"}],"author":[{"embeddable":true,"href":"https:\/\/vsneusiedl-zaya.ac.at\/index.php?rest_route=\/wp\/v2\/users\/3"}],"replies":[{"embeddable":true,"href":"https:\/\/vsneusiedl-zaya.ac.at\/index.php?rest_route=%2Fwp%2Fv2%2Fcomments&post=2272"}],"version-history":[{"count":6,"href":"https:\/\/vsneusiedl-zaya.ac.at\/index.php?rest_route=\/wp\/v2\/posts\/2272\/revisions"}],"predecessor-version":[{"id":2286,"href":"https:\/\/vsneusiedl-zaya.ac.at\/index.php?rest_route=\/wp\/v2\/posts\/2272\/revisions\/2286"}],"wp:featuredmedia":[{"embeddable":true,"href":"https:\/\/vsneusiedl-zaya.ac.at\/index.php?rest_route=\/wp\/v2\/media\/2281"}],"wp:attachment":[{"href":"https:\/\/vsneusiedl-zaya.ac.at\/index.php?rest_route=%2Fwp%2Fv2%2Fmedia&parent=2272"}],"wp:term":[{"taxonomy":"category","embeddable":true,"href":"https:\/\/vsneusiedl-zaya.ac.at\/index.php?rest_route=%2Fwp%2Fv2%2Fcategories&post=2272"},{"taxonomy":"post_tag","embeddable":true,"href":"https:\/\/vsneusiedl-zaya.ac.at\/index.php?rest_route=%2Fwp%2Fv2%2Ftags&post=2272"}],"curies":[{"name":"wp","href":"https:\/\/api.w.org\/{rel}","templated":true}]}}