{"id":2304,"date":"2026-03-18T13:11:39","date_gmt":"2026-03-18T13:11:39","guid":{"rendered":"https:\/\/vsneusiedl-zaya.ac.at\/?p=2304"},"modified":"2026-03-18T14:15:36","modified_gmt":"2026-03-18T14:15:36","slug":"bischofsvisitation","status":"publish","type":"post","link":"https:\/\/vsneusiedl-zaya.ac.at\/?p=2304","title":{"rendered":"Bischofsvisitation"},"content":{"rendered":"<p>Mit einem kurzen Programm begr\u00fc\u00dften die Sch\u00fcler und Sch\u00fclerinnen Weihbischof Stephan Turnovszky an der Volksschule Neusiedl an der Zaya.<\/p>\n<p><!--more--><\/p>\n<p style=\"text-align: center;\"><img loading=\"lazy\" decoding=\"async\" class=\"alignnone size-medium wp-image-2318\" src=\"https:\/\/vsneusiedl-zaya.ac.at\/wp-content\/uploads\/2026\/03\/1000142521-300x225.jpg\" alt=\"\" width=\"300\" height=\"225\" srcset=\"https:\/\/vsneusiedl-zaya.ac.at\/wp-content\/uploads\/2026\/03\/1000142521-300x225.jpg 300w, https:\/\/vsneusiedl-zaya.ac.at\/wp-content\/uploads\/2026\/03\/1000142521-1024x768.jpg 1024w, https:\/\/vsneusiedl-zaya.ac.at\/wp-content\/uploads\/2026\/03\/1000142521-768x576.jpg 768w, https:\/\/vsneusiedl-zaya.ac.at\/wp-content\/uploads\/2026\/03\/1000142521-1536x1152.jpg 1536w, https:\/\/vsneusiedl-zaya.ac.at\/wp-content\/uploads\/2026\/03\/1000142521-2048x1536.jpg 2048w\" sizes=\"auto, (max-width: 300px) 100vw, 300px\" \/>\u00a0<img loading=\"lazy\" decoding=\"async\" class=\"alignnone size-medium wp-image-2319\" src=\"https:\/\/vsneusiedl-zaya.ac.at\/wp-content\/uploads\/2026\/03\/1000142522-300x225.jpg\" alt=\"\" width=\"300\" height=\"225\" srcset=\"https:\/\/vsneusiedl-zaya.ac.at\/wp-content\/uploads\/2026\/03\/1000142522-300x225.jpg 300w, https:\/\/vsneusiedl-zaya.ac.at\/wp-content\/uploads\/2026\/03\/1000142522-1024x768.jpg 1024w, https:\/\/vsneusiedl-zaya.ac.at\/wp-content\/uploads\/2026\/03\/1000142522-768x576.jpg 768w, https:\/\/vsneusiedl-zaya.ac.at\/wp-content\/uploads\/2026\/03\/1000142522-1536x1152.jpg 1536w, https:\/\/vsneusiedl-zaya.ac.at\/wp-content\/uploads\/2026\/03\/1000142522-2048x1536.jpg 2048w\" sizes=\"auto, (max-width: 300px) 100vw, 300px\" \/> <img loading=\"lazy\" decoding=\"async\" class=\"alignnone wp-image-2320 size-medium\" src=\"https:\/\/vsneusiedl-zaya.ac.at\/wp-content\/uploads\/2026\/03\/1000142524-scaled-e1773843321417-300x296.jpg\" alt=\"\" width=\"300\" height=\"296\" srcset=\"https:\/\/vsneusiedl-zaya.ac.at\/wp-content\/uploads\/2026\/03\/1000142524-scaled-e1773843321417-300x296.jpg 300w, https:\/\/vsneusiedl-zaya.ac.at\/wp-content\/uploads\/2026\/03\/1000142524-scaled-e1773843321417-1024x1010.jpg 1024w, https:\/\/vsneusiedl-zaya.ac.at\/wp-content\/uploads\/2026\/03\/1000142524-scaled-e1773843321417-768x758.jpg 768w, https:\/\/vsneusiedl-zaya.ac.at\/wp-content\/uploads\/2026\/03\/1000142524-scaled-e1773843321417-1536x1515.jpg 1536w, https:\/\/vsneusiedl-zaya.ac.at\/wp-content\/uploads\/2026\/03\/1000142524-scaled-e1773843321417-100x100.jpg 100w, https:\/\/vsneusiedl-zaya.ac.at\/wp-content\/uploads\/2026\/03\/1000142524-scaled-e1773843321417.jpg 1946w\" sizes=\"auto, (max-width: 300px) 100vw, 300px\" \/> <img loading=\"lazy\" decoding=\"async\" class=\"alignnone size-medium wp-image-2321\" src=\"https:\/\/vsneusiedl-zaya.ac.at\/wp-content\/uploads\/2026\/03\/1000142526-300x225.jpg\" alt=\"\" width=\"300\" height=\"225\" srcset=\"https:\/\/vsneusiedl-zaya.ac.at\/wp-content\/uploads\/2026\/03\/1000142526-300x225.jpg 300w, https:\/\/vsneusiedl-zaya.ac.at\/wp-content\/uploads\/2026\/03\/1000142526-1024x768.jpg 1024w, https:\/\/vsneusiedl-zaya.ac.at\/wp-content\/uploads\/2026\/03\/1000142526-768x576.jpg 768w, https:\/\/vsneusiedl-zaya.ac.at\/wp-content\/uploads\/2026\/03\/1000142526-1536x1152.jpg 1536w, https:\/\/vsneusiedl-zaya.ac.at\/wp-content\/uploads\/2026\/03\/1000142526-2048x1536.jpg 2048w\" sizes=\"auto, (max-width: 300px) 100vw, 300px\" \/> <img loading=\"lazy\" decoding=\"async\" class=\"alignnone size-medium wp-image-2322\" src=\"https:\/\/vsneusiedl-zaya.ac.at\/wp-content\/uploads\/2026\/03\/1000142536-300x225.jpg\" alt=\"\" width=\"300\" height=\"225\" srcset=\"https:\/\/vsneusiedl-zaya.ac.at\/wp-content\/uploads\/2026\/03\/1000142536-300x225.jpg 300w, https:\/\/vsneusiedl-zaya.ac.at\/wp-content\/uploads\/2026\/03\/1000142536-1024x768.jpg 1024w, https:\/\/vsneusiedl-zaya.ac.at\/wp-content\/uploads\/2026\/03\/1000142536-768x576.jpg 768w, https:\/\/vsneusiedl-zaya.ac.at\/wp-content\/uploads\/2026\/03\/1000142536-1536x1152.jpg 1536w, https:\/\/vsneusiedl-zaya.ac.at\/wp-content\/uploads\/2026\/03\/1000142536-2048x1536.jpg 2048w\" sizes=\"auto, (max-width: 300px) 100vw, 300px\" \/><\/p>\n","protected":false},"excerpt":{"rendered":"<p>Mit einem kurzen Programm begr\u00fc\u00dften die Sch\u00fcler und Sch\u00fclerinnen Weihbischof Stephan Turnovszky an der Volksschule Neusiedl an der Zaya.<\/p>\n","protected":false},"author":3,"featured_media":2317,"comment_status":"closed","ping_status":"closed","sticky":false,"template":"","format":"standard","meta":{"footnotes":""},"categories":[1],"tags":[],"class_list":["post-2304","post","type-post","status-publish","format-standard","has-post-thumbnail","hentry","category-aktuelles"],"_links":{"self":[{"href":"https:\/\/vsneusiedl-zaya.ac.at\/index.php?rest_route=\/wp\/v2\/posts\/2304","targetHints":{"allow":["GET"]}}],"collection":[{"href":"https:\/\/vsneusiedl-zaya.ac.at\/index.php?rest_route=\/wp\/v2\/posts"}],"about":[{"href":"https:\/\/vsneusiedl-zaya.ac.at\/index.php?rest_route=\/wp\/v2\/types\/post"}],"author":[{"embeddable":true,"href":"https:\/\/vsneusiedl-zaya.ac.at\/index.php?rest_route=\/wp\/v2\/users\/3"}],"replies":[{"embeddable":true,"href":"https:\/\/vsneusiedl-zaya.ac.at\/index.php?rest_route=%2Fwp%2Fv2%2Fcomments&post=2304"}],"version-history":[{"count":3,"href":"https:\/\/vsneusiedl-zaya.ac.at\/index.php?rest_route=\/wp\/v2\/posts\/2304\/revisions"}],"predecessor-version":[{"id":2324,"href":"https:\/\/vsneusiedl-zaya.ac.at\/index.php?rest_route=\/wp\/v2\/posts\/2304\/revisions\/2324"}],"wp:featuredmedia":[{"embeddable":true,"href":"https:\/\/vsneusiedl-zaya.ac.at\/index.php?rest_route=\/wp\/v2\/media\/2317"}],"wp:attachment":[{"href":"https:\/\/vsneusiedl-zaya.ac.at\/index.php?rest_route=%2Fwp%2Fv2%2Fmedia&parent=2304"}],"wp:term":[{"taxonomy":"category","embeddable":true,"href":"https:\/\/vsneusiedl-zaya.ac.at\/index.php?rest_route=%2Fwp%2Fv2%2Fcategories&post=2304"},{"taxonomy":"post_tag","embeddable":true,"href":"https:\/\/vsneusiedl-zaya.ac.at\/index.php?rest_route=%2Fwp%2Fv2%2Ftags&post=2304"}],"curies":[{"name":"wp","href":"https:\/\/api.w.org\/{rel}","templated":true}]}}